{"id":1058,"date":"2015-12-31T11:11:00","date_gmt":"2015-12-31T11:11:00","guid":{"rendered":"https:\/\/ecoper.eu\/?p=1058"},"modified":"2021-12-23T17:57:57","modified_gmt":"2021-12-23T16:57:57","slug":"entrepreneurship-and-enterprise-skills-development","status":"publish","type":"post","link":"https:\/\/ecoper.eu\/es\/2015\/12\/31\/entrepreneurship-and-enterprise-skills-development\/","title":{"rendered":"Emprendimiento y desarrollo de habilidades empresariales"},"content":{"rendered":"\n<p>El esp\u00edritu empresarial y las peque\u00f1as y medianas empresas (PYMES) han sido un \u00e1rea prioritaria para la Fundaci\u00f3n Europea de Formaci\u00f3n (<a href=\"https:\/\/ecoper.eu\/es\/cliente\/etf\/\" data-type=\"cliente\" data-id=\"278\">ETF<\/a>) en los \u00faltimos a\u00f1os tras reconocer sus efectos sobre el crecimiento econ\u00f3mico, la creaci\u00f3n de empleo y la cohesi\u00f3n social. ECOPER ha colaborado con Ockham IPS para llevar a cabo la evaluaci\u00f3n del trabajo de la ETF en el desarrollo de habilidades empresariales y empresariales (EESD) en pa\u00edses socios entre 2010 y 2014. La evaluaci\u00f3n implic\u00f3 un an\u00e1lisis de la contribuci\u00f3n, que refleja el lugar que ocupa ETF entre otras partes interesadas que intentan promover la EESD. Esto significa que, en lugar de intentar establecer si las intervenciones de la ETF produjeron el impacto observado, el an\u00e1lisis ten\u00eda como objetivo determinar la contribuci\u00f3n de la ETF a los efectos percibidos como un actor dentro de un grupo. Esto se hizo analizando cualitativamente todos los posibles v\u00ednculos causales clave. La evaluaci\u00f3n incorpor\u00f3 seis estudios de pa\u00eds en profundidad, como parte de los cuales ECOPER llev\u00f3 a cabo tres misiones sobre el terreno en Armenia, L\u00edbano y Armenia.<\/p>\n\n\n\n<!--more-->\n\n\n\n<p>El trabajo de la ETF sobre el aprendizaje empresarial y el desarrollo de habilidades entre 2010 y 2014 forma parte del enfoque m\u00e1s amplio de la Comisi\u00f3n Europea en las peque\u00f1as empresas y la identificaci\u00f3n de la ETF de las empresas y el desarrollo del capital humano como un tema central en su perspectiva 2010-2013. La intervenci\u00f3n evaluada busc\u00f3 dar respuesta a cuestiones como el empleo, la falta de crecimiento del mercado laboral y la exclusi\u00f3n social, adem\u00e1s de la falta de compromiso de las autoridades educativas de los pa\u00edses socios en el aprendizaje empresarial.<\/p>\n\n\n\n<p><\/p>\n","protected":false},"excerpt":{"rendered":"<p>El esp\u00edritu empresarial y las peque\u00f1as y medianas empresas (PYMES) han sido un \u00e1rea prioritaria para la Fundaci\u00f3n Europea de Formaci\u00f3n (ETF) en los \u00faltimos a\u00f1os tras reconocer sus efectos sobre el crecimiento econ\u00f3mico, la creaci\u00f3n de empleo y la cohesi\u00f3n social. ECOPER ha colaborado con Ockham IPS para llevar a cabo la evaluaci\u00f3n del &#8230; <\/p>\n<p class=\"read-more-container\"><a title=\"Emprendimiento y desarrollo de habilidades empresariales\" class=\"read-more button\" href=\"https:\/\/ecoper.eu\/es\/2015\/12\/31\/entrepreneurship-and-enterprise-skills-development\/#more-1058\" aria-label=\"M\u00e1s en Emprendimiento y desarrollo de habilidades empresariales\">Leer m\u00e1s<\/a><\/p>\n","protected":false},"author":2,"featured_media":0,"comment_status":"closed","ping_status":"closed","sticky":false,"template":"","format":"standard","meta":{"_generate-full-width-content":""},"categories":[26,27],"tags":[],"country":[],"subject":[],"region":[165],"sdg":[237,240,244],"cliente":[],"pais":[],"_links":{"self":[{"href":"https:\/\/ecoper.eu\/es\/wp-json\/wp\/v2\/posts\/1058"}],"collection":[{"href":"https:\/\/ecoper.eu\/es\/wp-json\/wp\/v2\/posts"}],"about":[{"href":"https:\/\/ecoper.eu\/es\/wp-json\/wp\/v2\/types\/post"}],"author":[{"embeddable":true,"href":"https:\/\/ecoper.eu\/es\/wp-json\/wp\/v2\/users\/2"}],"replies":[{"embeddable":true,"href":"https:\/\/ecoper.eu\/es\/wp-json\/wp\/v2\/comments?post=1058"}],"version-history":[{"count":4,"href":"https:\/\/ecoper.eu\/es\/wp-json\/wp\/v2\/posts\/1058\/revisions"}],"predecessor-version":[{"id":1983,"href":"https:\/\/ecoper.eu\/es\/wp-json\/wp\/v2\/posts\/1058\/revisions\/1983"}],"wp:attachment":[{"href":"https:\/\/ecoper.eu\/es\/wp-json\/wp\/v2\/media?parent=1058"}],"wp:term":[{"taxonomy":"category","embeddable":true,"href":"https:\/\/ecoper.eu\/es\/wp-json\/wp\/v2\/categories?post=1058"},{"taxonomy":"post_tag","embeddable":true,"href":"https:\/\/ecoper.eu\/es\/wp-json\/wp\/v2\/tags?post=1058"},{"taxonomy":"country","embeddable":true,"href":"https:\/\/ecoper.eu\/es\/wp-json\/wp\/v2\/country?post=1058"},{"taxonomy":"subject","embeddable":true,"href":"https:\/\/ecoper.eu\/es\/wp-json\/wp\/v2\/subject?post=1058"},{"taxonomy":"region","embeddable":true,"href":"https:\/\/ecoper.eu\/es\/wp-json\/wp\/v2\/region?post=1058"},{"taxonomy":"sdg","embeddable":true,"href":"https:\/\/ecoper.eu\/es\/wp-json\/wp\/v2\/sdg?post=1058"},{"taxonomy":"cliente","embeddable":true,"href":"https:\/\/ecoper.eu\/es\/wp-json\/wp\/v2\/cliente?post=1058"},{"taxonomy":"pais","embeddable":true,"href":"https:\/\/ecoper.eu\/es\/wp-json\/wp\/v2\/pais?post=1058"}],"curies":[{"name":"wp","href":"https:\/\/api.w.org\/{rel}","templated":true}]}}