{"id":2065,"date":"2022-10-05T10:23:54","date_gmt":"2022-10-05T08:23:54","guid":{"rendered":"https:\/\/ecoper.eu\/es\/?p=2065"},"modified":"2022-10-05T10:23:55","modified_gmt":"2022-10-05T08:23:55","slug":"evaluacion-del-subprograma-1-de-la-unctad-presentada-en-el-84o-periodo-de-sesiones-del-grupo-de-trabajo","status":"publish","type":"post","link":"https:\/\/ecoper.eu\/es\/2022\/10\/05\/evaluacion-del-subprograma-1-de-la-unctad-presentada-en-el-84o-periodo-de-sesiones-del-grupo-de-trabajo\/","title":{"rendered":"Evaluaci\u00f3n del Subprograma 1 de la UNCTAD presentada en el 84\u00ba per\u00edodo de sesiones del Grupo de Trabajo"},"content":{"rendered":"\n<p>Esta semana, Aitor P\u00e9rez de ECOPER ha visitado Ginebra para presentar los resultados de la evaluaci\u00f3n externa del Subprograma 1 de la <a href=\"https:\/\/ecoper.eu\/es\/cliente\/unctad\/\" data-type=\"cliente\" data-id=\"261\">UNCTAD<\/a> sobre Globalizaci\u00f3n, interdependencia y desarrollo para los a\u00f1os 2018 a 2021 en la 84\u00aa Sesi\u00f3n del Grupo de Trabajo de la UNCTAD. La presentaci\u00f3n, que se hizo ante la Secretaria General de la UNCTAD, Rebeca Grynspan y la delegaci\u00f3n de los Estados Miembros, fue seguida por una discusi\u00f3n sobre cuestiones planteadas por la <a href=\"https:\/\/ecoper.eu\/es\/2021\/11\/30\/subprograma-de-la-unctad-sobre-globalizacion-interdependencia-y-desarrollo\/\" data-type=\"post\" data-id=\"1895\">evaluaci\u00f3n<\/a>. La evaluaci\u00f3n estuvo dirigida por Aitor y se llev\u00f3 a cabo entre enero y junio de 2022 y dio como resultado un informe que tambi\u00e9n se compartir\u00e1 durante la 84.\u00aa sesi\u00f3n.<\/p>\n\n\n\n<p>El subprograma 1 de la UNCTAD tiene cinco \u00e1reas principales de trabajo, que se centran en pol\u00edticas macroecon\u00f3micas y de desarrollo, deuda y financiaci\u00f3n del desarrollo, cooperaci\u00f3n econ\u00f3mica e integraci\u00f3n entre pa\u00edses en desarrollo, estad\u00edsticas de desarrollo e informaci\u00f3n y asistencia al pueblo palestino. La evaluaci\u00f3n se llev\u00f3 a cabo con el objetivo de apoyar la rendici\u00f3n de cuentas y contribuir al aprendizaje institucional, y las lecciones aprendidas ser\u00e1n tenidas en cuenta en la programaci\u00f3n anual futura en el marco del Pacto de Bridgetown adoptado recientemente por la UNCTAD, as\u00ed como en los debates sobre la organizaci\u00f3n interna de la organizaci\u00f3n.<\/p>\n","protected":false},"excerpt":{"rendered":"<p>Esta semana, Aitor P\u00e9rez de ECOPER ha visitado Ginebra para presentar los resultados de la evaluaci\u00f3n externa del Subprograma 1 de la UNCTAD sobre Globalizaci\u00f3n, interdependencia y desarrollo para los a\u00f1os 2018 a 2021 en la 84\u00aa Sesi\u00f3n del Grupo de Trabajo de la UNCTAD. La presentaci\u00f3n, que se hizo ante la Secretaria General de &#8230; <\/p>\n<p class=\"read-more-container\"><a title=\"Evaluaci\u00f3n del Subprograma 1 de la UNCTAD presentada en el 84\u00ba per\u00edodo de sesiones del Grupo de Trabajo\" class=\"read-more button\" href=\"https:\/\/ecoper.eu\/es\/2022\/10\/05\/evaluacion-del-subprograma-1-de-la-unctad-presentada-en-el-84o-periodo-de-sesiones-del-grupo-de-trabajo\/#more-2065\" aria-label=\"M\u00e1s en Evaluaci\u00f3n del Subprograma 1 de la UNCTAD presentada en el 84\u00ba per\u00edodo de sesiones del Grupo de Trabajo\">Leer m\u00e1s<\/a><\/p>\n","protected":false},"author":2,"featured_media":0,"comment_status":"closed","ping_status":"closed","sticky":false,"template":"","format":"standard","meta":{"_generate-full-width-content":""},"categories":[260],"tags":[],"country":[],"subject":[],"region":[],"sdg":[],"cliente":[],"pais":[],"_links":{"self":[{"href":"https:\/\/ecoper.eu\/es\/wp-json\/wp\/v2\/posts\/2065"}],"collection":[{"href":"https:\/\/ecoper.eu\/es\/wp-json\/wp\/v2\/posts"}],"about":[{"href":"https:\/\/ecoper.eu\/es\/wp-json\/wp\/v2\/types\/post"}],"author":[{"embeddable":true,"href":"https:\/\/ecoper.eu\/es\/wp-json\/wp\/v2\/users\/2"}],"replies":[{"embeddable":true,"href":"https:\/\/ecoper.eu\/es\/wp-json\/wp\/v2\/comments?post=2065"}],"version-history":[{"count":1,"href":"https:\/\/ecoper.eu\/es\/wp-json\/wp\/v2\/posts\/2065\/revisions"}],"predecessor-version":[{"id":2067,"href":"https:\/\/ecoper.eu\/es\/wp-json\/wp\/v2\/posts\/2065\/revisions\/2067"}],"wp:attachment":[{"href":"https:\/\/ecoper.eu\/es\/wp-json\/wp\/v2\/media?parent=2065"}],"wp:term":[{"taxonomy":"category","embeddable":true,"href":"https:\/\/ecoper.eu\/es\/wp-json\/wp\/v2\/categories?post=2065"},{"taxonomy":"post_tag","embeddable":true,"href":"https:\/\/ecoper.eu\/es\/wp-json\/wp\/v2\/tags?post=2065"},{"taxonomy":"country","embeddable":true,"href":"https:\/\/ecoper.eu\/es\/wp-json\/wp\/v2\/country?post=2065"},{"taxonomy":"subject","embeddable":true,"href":"https:\/\/ecoper.eu\/es\/wp-json\/wp\/v2\/subject?post=2065"},{"taxonomy":"region","embeddable":true,"href":"https:\/\/ecoper.eu\/es\/wp-json\/wp\/v2\/region?post=2065"},{"taxonomy":"sdg","embeddable":true,"href":"https:\/\/ecoper.eu\/es\/wp-json\/wp\/v2\/sdg?post=2065"},{"taxonomy":"cliente","embeddable":true,"href":"https:\/\/ecoper.eu\/es\/wp-json\/wp\/v2\/cliente?post=2065"},{"taxonomy":"pais","embeddable":true,"href":"https:\/\/ecoper.eu\/es\/wp-json\/wp\/v2\/pais?post=2065"}],"curies":[{"name":"wp","href":"https:\/\/api.w.org\/{rel}","templated":true}]}}